{"id":6128,"date":"2026-03-19T22:30:05","date_gmt":"2026-03-19T21:30:05","guid":{"rendered":"https:\/\/lo2nowogard.edu.pl\/?p=6128"},"modified":"2026-03-19T22:30:05","modified_gmt":"2026-03-19T21:30:05","slug":"uczniowie-ii-lo-na-spektaklu-lalka","status":"publish","type":"post","link":"https:\/\/lo2nowogard.edu.pl\/index.php\/2026\/03\/19\/uczniowie-ii-lo-na-spektaklu-lalka\/","title":{"rendered":"Uczniowie II LO na spektaklu \u201eLalka\u201d"},"content":{"rendered":"\n<p class=\"has-text-align-right\"><strong><em><font size=\"+1\">Czy mi\u0142o\u015b\u0107 jest rado\u015bci\u0105 \u015bwiata, s\u0142o\u0144cem \u017cycia, weso\u0142\u0105 melodi\u0105 w pustyni?<\/font><\/em><\/strong><\/p>\n\n\n<div class=\"wp-block-image\">\n<figure class=\"aligncenter size-large\"><img fetchpriority=\"high\" decoding=\"async\" width=\"768\" height=\"1024\" src=\"https:\/\/lo2nowogard.edu.pl\/wp-content\/uploads\/2026\/03\/1-2-768x1024.jpg\" alt=\"\" class=\"wp-image-6130\" srcset=\"https:\/\/lo2nowogard.edu.pl\/wp-content\/uploads\/2026\/03\/1-2-768x1024.jpg 768w, https:\/\/lo2nowogard.edu.pl\/wp-content\/uploads\/2026\/03\/1-2-225x300.jpg 225w, https:\/\/lo2nowogard.edu.pl\/wp-content\/uploads\/2026\/03\/1-2-1152x1536.jpg 1152w, https:\/\/lo2nowogard.edu.pl\/wp-content\/uploads\/2026\/03\/1-2-1536x2048.jpg 1536w, https:\/\/lo2nowogard.edu.pl\/wp-content\/uploads\/2026\/03\/1-2.jpg 1600w\" sizes=\"(max-width: 768px) 100vw, 768px\" \/><\/figure>\n<\/div>\n\n\n<p><strong>Uczniowie II LO na spektaklu \u201eLalka\u201d w Teatrze Wsp\u00f3\u0142czesnym w Szczecinie.<br><\/strong>&nbsp;\u201eLalka\u201d w Teatrze Wsp\u00f3\u0142czesnym w Szczecinie to na wskro\u015b wsp\u00f3\u0142czesna adaptacja powie\u015bci Boles\u0142awa Prusa, o czym przekonali si\u0119 uczniowie klas trzecich, kt\u00f3rzy 18 marca 2026r. mieli okazj\u0119 obejrze\u0107 ten spektakl. Po raz kolejny uczni\u00f3w naszej szko\u0142y urzek\u0142a opowie\u015b\u0107 o \u015bwiecie, w kt\u00f3rym bezwzgl\u0119dna walka o osi\u0105gni\u0119cie w\u0142asnych cel\u00f3w splata si\u0119 z&nbsp;marzeniami Wokulskiego o wielkiej mi\u0142o\u015bci, wbrew logice i oczywistym faktom. Akcja spektaklu rozgrywa si\u0119 podczas Gali Biznesu, na kt\u00f3rej spotkali si\u0119 przedsi\u0119biorcy, sprzedawcy i bogacze. Wokulski w tej ods\u0142onie to m\u0142ody biznesmen, kt\u00f3ry pr\u00f3buje odnale\u017a\u0107 szcz\u0119\u015bcie w mi\u0142o\u015bci i niestety, ponosi kl\u0119sk\u0119, bo zdrada Izabeli jest r\u00f3wnie dotkliwa we&nbsp;wsp\u00f3\u0142czesnych czasach, jak w dziewi\u0119tnastowiecznej Warszawie utrwalonej na kartach powie\u015bci Prusa. Wsp\u00f3\u0142czesny Ochocki nie zamierza przypi\u0105\u0107 ludzko\u015bci skrzyde\u0142, marzy raczej o wys\u0142aniu ludzi na Marsa, a zwolniony z pracy Mraczewski terroryzuje uczestnik\u00f3w Gali broni\u0105. I tylko pot\u0119ga mi\u0142o\u015bci jest niezmienna, bo dzi\u015b nadal chcemy wierzy\u0107, \u017ce Wokulski mia\u0142 racj\u0119, s\u0105dz\u0105c, \u017ce \u201eMi\u0142o\u015b\u0107 jest rado\u015bci\u0105 \u015bwiata, s\u0142o\u0144cem \u017cycia, weso\u0142\u0105 melodi\u0105 w&nbsp;pustyni\u201d.<br><font color=\"blue\">Anna Nowosielska&nbsp;&nbsp; Agnieszka Kokoszka<\/font><\/p>\n\n\n\n<figure class=\"wp-block-image size-large\"><img decoding=\"async\" width=\"1024\" height=\"768\" src=\"https:\/\/lo2nowogard.edu.pl\/wp-content\/uploads\/2026\/03\/2-3-1024x768.jpg\" alt=\"\" class=\"wp-image-6131\" srcset=\"https:\/\/lo2nowogard.edu.pl\/wp-content\/uploads\/2026\/03\/2-3-1024x768.jpg 1024w, https:\/\/lo2nowogard.edu.pl\/wp-content\/uploads\/2026\/03\/2-3-300x225.jpg 300w, https:\/\/lo2nowogard.edu.pl\/wp-content\/uploads\/2026\/03\/2-3-768x576.jpg 768w, https:\/\/lo2nowogard.edu.pl\/wp-content\/uploads\/2026\/03\/2-3-1536x1152.jpg 1536w, https:\/\/lo2nowogard.edu.pl\/wp-content\/uploads\/2026\/03\/2-3.jpg 1600w\" sizes=\"(max-width: 1024px) 100vw, 1024px\" \/><\/figure>\n","protected":false},"excerpt":{"rendered":"<p>Czy mi\u0142o\u015b\u0107 jest rado\u015bci\u0105 \u015bwiata, s\u0142o\u0144cem \u017cycia, weso\u0142\u0105 melodi\u0105 w pustyni? Uczniowie II LO na spektaklu \u201eLalka\u201d w Teatrze Wsp\u00f3\u0142czesnym w Szczecinie.&nbsp;\u201eLalka\u201d w Teatrze Wsp\u00f3\u0142czesnym w Szczecinie to na wskro\u015b wsp\u00f3\u0142czesna adaptacja powie\u015bci Boles\u0142awa Prusa, o czym przekonali si\u0119 uczniowie&#8230;<\/p>\n","protected":false},"author":2,"featured_media":6129,"comment_status":"closed","ping_status":"","sticky":false,"template":"","format":"standard","meta":{"footnotes":""},"categories":[1],"tags":[],"class_list":["post-6128","post","type-post","status-publish","format-standard","has-post-thumbnail","hentry","category-bez-kategorii"],"acf":[],"_links":{"self":[{"href":"https:\/\/lo2nowogard.edu.pl\/index.php\/wp-json\/wp\/v2\/posts\/6128","targetHints":{"allow":["GET"]}}],"collection":[{"href":"https:\/\/lo2nowogard.edu.pl\/index.php\/wp-json\/wp\/v2\/posts"}],"about":[{"href":"https:\/\/lo2nowogard.edu.pl\/index.php\/wp-json\/wp\/v2\/types\/post"}],"author":[{"embeddable":true,"href":"https:\/\/lo2nowogard.edu.pl\/index.php\/wp-json\/wp\/v2\/users\/2"}],"replies":[{"embeddable":true,"href":"https:\/\/lo2nowogard.edu.pl\/index.php\/wp-json\/wp\/v2\/comments?post=6128"}],"version-history":[{"count":1,"href":"https:\/\/lo2nowogard.edu.pl\/index.php\/wp-json\/wp\/v2\/posts\/6128\/revisions"}],"predecessor-version":[{"id":6132,"href":"https:\/\/lo2nowogard.edu.pl\/index.php\/wp-json\/wp\/v2\/posts\/6128\/revisions\/6132"}],"wp:featuredmedia":[{"embeddable":true,"href":"https:\/\/lo2nowogard.edu.pl\/index.php\/wp-json\/wp\/v2\/media\/6129"}],"wp:attachment":[{"href":"https:\/\/lo2nowogard.edu.pl\/index.php\/wp-json\/wp\/v2\/media?parent=6128"}],"wp:term":[{"taxonomy":"category","embeddable":true,"href":"https:\/\/lo2nowogard.edu.pl\/index.php\/wp-json\/wp\/v2\/categories?post=6128"},{"taxonomy":"post_tag","embeddable":true,"href":"https:\/\/lo2nowogard.edu.pl\/index.php\/wp-json\/wp\/v2\/tags?post=6128"}],"curies":[{"name":"wp","href":"https:\/\/api.w.org\/{rel}","templated":true}]}}