{"id":5393,"date":"2025-10-17T16:51:56","date_gmt":"2025-10-17T14:51:56","guid":{"rendered":"https:\/\/lo2nowogard.edu.pl\/?p=5393"},"modified":"2025-10-17T16:51:56","modified_gmt":"2025-10-17T14:51:56","slug":"mlodziezowa-rada-miejska","status":"publish","type":"post","link":"https:\/\/lo2nowogard.edu.pl\/index.php\/2025\/10\/17\/mlodziezowa-rada-miejska\/","title":{"rendered":"M\u0142odzie\u017cowa Rada Miejska"},"content":{"rendered":"\n<p>W dniu 15 pa\u017adziernika 2025 r. odby\u0142o si\u0119 pierwsze posiedzenie M\u0142odzie\u017cowej Rady Miejskiej w Nowogardzie, w kt\u00f3rym uczestniczyli uczniowie z II Liceum Og\u00f3lnokszta\u0142c\u0105cego w Nowogardzie. Podczas spotkania przeprowadzono wybory przewodnicz\u0105cego, dw\u00f3ch wiceprzewodnicz\u0105cych oraz Sekretarza Rady. Z rado\u015bci\u0105 informujemy, \u017ce funkcj\u0119 <strong>Sekretarza<\/strong> obj\u0119\u0142a nasza uczennica <strong>Kalina Niedo\u015bmia\u0142ek<\/strong>. W posiedzeniu wzi\u0119li udzia\u0142 r\u00f3wnie\u017c zaproszeni go\u015bcie: <strong>Burmistrz Nowogardu<\/strong>, <strong>Przewodnicz\u0105cy Rady Miejskiej<\/strong>, <strong>Przewodnicz\u0105cy Rady Senior\u00f3w<\/strong> oraz <strong>Przewodnicz\u0105cy M\u0142odzie\u017cowego Sejmiku Wojew\u00f3dzkiego wraz z Radnym<\/strong>, kt\u00f3rzy pogratulowali m\u0142odzie\u017cy zaanga\u017cowania i zach\u0119cali do aktywnego udzia\u0142u w \u017cyciu spo\u0142ecznym miasta. Spotkanie przebieg\u0142o w atmosferze wsp\u00f3\u0142pracy i entuzjazmu, a nowo wybrani cz\u0142onkowie rady zadeklarowali gotowo\u015b\u0107 do dzia\u0142ania na rzecz lokalnej spo\u0142eczno\u015bci. <\/p>\n\n\n\n<p>Spo\u0142eczno\u015b\u0107 II Liceum Og\u00f3lnokszta\u0142c\u0105cego w Nowogardzie serdecznie gratuluje Kalinie Niedo\u015bmia\u0142ek oraz wszystkim cz\u0142onkom M\u0142odzie\u017cowej Rady Miejskiej. \u017byczymy owocnej pracy, inspiruj\u0105cych pomys\u0142\u00f3w i wielu sukces\u00f3w w realizacji dzia\u0142a\u0144 na rzecz m\u0142odzie\u017cy i miasta.<br><font color=\"blue\">R.S.B.<\/font><\/p>\n\n\n\n<figure class=\"wp-block-image size-large\"><img fetchpriority=\"high\" decoding=\"async\" width=\"1024\" height=\"768\" src=\"https:\/\/lo2nowogard.edu.pl\/wp-content\/uploads\/2025\/10\/1-5-1024x768.jpg\" alt=\"\" class=\"wp-image-5395\" srcset=\"https:\/\/lo2nowogard.edu.pl\/wp-content\/uploads\/2025\/10\/1-5-1024x768.jpg 1024w, https:\/\/lo2nowogard.edu.pl\/wp-content\/uploads\/2025\/10\/1-5-300x225.jpg 300w, https:\/\/lo2nowogard.edu.pl\/wp-content\/uploads\/2025\/10\/1-5-768x576.jpg 768w, https:\/\/lo2nowogard.edu.pl\/wp-content\/uploads\/2025\/10\/1-5-1536x1152.jpg 1536w, https:\/\/lo2nowogard.edu.pl\/wp-content\/uploads\/2025\/10\/1-5.jpg 2000w\" sizes=\"(max-width: 1024px) 100vw, 1024px\" \/><\/figure>\n\n\n\n<figure class=\"wp-block-image size-large\"><img decoding=\"async\" width=\"931\" height=\"1024\" src=\"https:\/\/lo2nowogard.edu.pl\/wp-content\/uploads\/2025\/10\/2-3-931x1024.jpg\" alt=\"\" class=\"wp-image-5396\" srcset=\"https:\/\/lo2nowogard.edu.pl\/wp-content\/uploads\/2025\/10\/2-3-931x1024.jpg 931w, https:\/\/lo2nowogard.edu.pl\/wp-content\/uploads\/2025\/10\/2-3-273x300.jpg 273w, https:\/\/lo2nowogard.edu.pl\/wp-content\/uploads\/2025\/10\/2-3-768x844.jpg 768w, https:\/\/lo2nowogard.edu.pl\/wp-content\/uploads\/2025\/10\/2-3-1397x1536.jpg 1397w, https:\/\/lo2nowogard.edu.pl\/wp-content\/uploads\/2025\/10\/2-3-1863x2048.jpg 1863w, https:\/\/lo2nowogard.edu.pl\/wp-content\/uploads\/2025\/10\/2-3.jpg 2000w\" sizes=\"(max-width: 931px) 100vw, 931px\" \/><\/figure>\n","protected":false},"excerpt":{"rendered":"<p>W dniu 15 pa\u017adziernika 2025 r. odby\u0142o si\u0119 pierwsze posiedzenie M\u0142odzie\u017cowej Rady Miejskiej w Nowogardzie, w kt\u00f3rym uczestniczyli uczniowie z II Liceum Og\u00f3lnokszta\u0142c\u0105cego w Nowogardzie. Podczas spotkania przeprowadzono wybory przewodnicz\u0105cego, dw\u00f3ch wiceprzewodnicz\u0105cych oraz Sekretarza Rady. Z rado\u015bci\u0105 informujemy, \u017ce funkcj\u0119&#8230;<\/p>\n","protected":false},"author":2,"featured_media":5394,"comment_status":"closed","ping_status":"","sticky":false,"template":"","format":"standard","meta":{"footnotes":""},"categories":[1],"tags":[],"class_list":["post-5393","post","type-post","status-publish","format-standard","has-post-thumbnail","hentry","category-bez-kategorii"],"acf":[],"_links":{"self":[{"href":"https:\/\/lo2nowogard.edu.pl\/index.php\/wp-json\/wp\/v2\/posts\/5393","targetHints":{"allow":["GET"]}}],"collection":[{"href":"https:\/\/lo2nowogard.edu.pl\/index.php\/wp-json\/wp\/v2\/posts"}],"about":[{"href":"https:\/\/lo2nowogard.edu.pl\/index.php\/wp-json\/wp\/v2\/types\/post"}],"author":[{"embeddable":true,"href":"https:\/\/lo2nowogard.edu.pl\/index.php\/wp-json\/wp\/v2\/users\/2"}],"replies":[{"embeddable":true,"href":"https:\/\/lo2nowogard.edu.pl\/index.php\/wp-json\/wp\/v2\/comments?post=5393"}],"version-history":[{"count":1,"href":"https:\/\/lo2nowogard.edu.pl\/index.php\/wp-json\/wp\/v2\/posts\/5393\/revisions"}],"predecessor-version":[{"id":5397,"href":"https:\/\/lo2nowogard.edu.pl\/index.php\/wp-json\/wp\/v2\/posts\/5393\/revisions\/5397"}],"wp:featuredmedia":[{"embeddable":true,"href":"https:\/\/lo2nowogard.edu.pl\/index.php\/wp-json\/wp\/v2\/media\/5394"}],"wp:attachment":[{"href":"https:\/\/lo2nowogard.edu.pl\/index.php\/wp-json\/wp\/v2\/media?parent=5393"}],"wp:term":[{"taxonomy":"category","embeddable":true,"href":"https:\/\/lo2nowogard.edu.pl\/index.php\/wp-json\/wp\/v2\/categories?post=5393"},{"taxonomy":"post_tag","embeddable":true,"href":"https:\/\/lo2nowogard.edu.pl\/index.php\/wp-json\/wp\/v2\/tags?post=5393"}],"curies":[{"name":"wp","href":"https:\/\/api.w.org\/{rel}","templated":true}]}}