{"id":4684,"date":"2025-04-21T14:28:24","date_gmt":"2025-04-21T12:28:24","guid":{"rendered":"https:\/\/lo2nowogard.edu.pl\/?p=4684"},"modified":"2025-04-21T14:38:09","modified_gmt":"2025-04-21T12:38:09","slug":"4684","status":"publish","type":"post","link":"https:\/\/lo2nowogard.edu.pl\/index.php\/2025\/04\/21\/4684\/","title":{"rendered":"Mi\u0142osz Wielgus na podium X edycji konkursu historycznego Olimpiada Solidarno\u015bci."},"content":{"rendered":"\n<figure class=\"wp-block-image size-large\"><img fetchpriority=\"high\" decoding=\"async\" width=\"730\" height=\"1024\" src=\"https:\/\/lo2nowogard.edu.pl\/wp-content\/uploads\/2025\/04\/dypl-730x1024.jpg\" alt=\"\" class=\"wp-image-4689\" srcset=\"https:\/\/lo2nowogard.edu.pl\/wp-content\/uploads\/2025\/04\/dypl-730x1024.jpg 730w, https:\/\/lo2nowogard.edu.pl\/wp-content\/uploads\/2025\/04\/dypl-214x300.jpg 214w, https:\/\/lo2nowogard.edu.pl\/wp-content\/uploads\/2025\/04\/dypl-768x1078.jpg 768w, https:\/\/lo2nowogard.edu.pl\/wp-content\/uploads\/2025\/04\/dypl.jpg 840w\" sizes=\"(max-width: 730px) 100vw, 730px\" \/><\/figure>\n\n\n\n<p>W kwietniu 2025r. w Gda\u0144sku odby\u0142 si\u0119 fina\u0142 X edycji og\u00f3lnopolskiego konkursu historycznego <strong>\u201eOlimpiada Solidarno\u015bci.<br>Dwie dekady historii\u201d<\/strong> organizowanego przez Fundacj\u0119 Centrum Solidarno\u015bci pod patronatem MEN. W Gda\u0144sku rywalizowali przedstawiciele wszystkich wojew\u00f3dztw wy\u0142onieni w etapach okr\u0119gowych. <strong>Mi\u0142osz Wielgus<\/strong> ucze\u0144 klasy IV c wraz z <strong>Ann\u0105 Prec\u0105<\/strong> z Kalisza Pomorskiego i <strong>Filipem Tomaszewiczem<\/strong> ze Szczecinka reprezentowali wojew\u00f3dztwo zachodniopomorskie. Dru\u017cyna z zachodniopomorskiego zaj\u0119\u0142a <strong>III miejsce w finale konkursu<\/strong>!<br>Tym samym <strong>Mi\u0142osz Wielgus zosta\u0142 laureatem konkursu<\/strong>, w kt\u00f3rym wzi\u0119\u0142o udzia\u0142 ponad 3 tysi\u0105ce uczni\u00f3w z ca\u0142ego kraju. Filip opr\u00f3cz nagrody finansowej oraz nagr\u00f3d rzeczowych ma mo\u017cliwo\u015b\u0107 wyboru indeksu z kilkunastu kierunk\u00f3w studi\u00f3w, m.in. na Uniwersytecie Jagiello\u0144skim, UAM w Poznaniu, Uniwersytecie Gda\u0144skim czy Uniwersytecie \u015al\u0105skim.<br>Jubileuszowa X edycja Olimpiady Solidarno\u015bci by\u0142a rozgrywana w historycznej Sali BHP Stoczni Gda\u0144skiej gdzie Lech Wa\u0142\u0119sa podpisywa\u0142 porozumienia sierpniowe.<br>Olimpiada Solidarno\u015bci dotyczy najnowszej historii Polski w latach 1970 -1990. Na etap fina\u0142owy dru\u017cyny musia\u0142y przygotowa\u0107 film na jeden z &nbsp;&nbsp;&nbsp;&nbsp;&nbsp; trzech temat\u00f3w (nasi reprezentanci wybrali temat: \u201eAbsurdy \u017cycia codziennego w PRL oczami wsp\u00f3\u0142czesnej m\u0142odzie\u017cy\u201d), nast\u0119pnie obroni\u0107 film odpowiadaj\u0105c na pytania komisji konkursowej. Potem czeka\u0142 ich r\u00f3wnie\u017c egzamin ustny zawieraj\u0105cy pytania przekrojowe z wiedzy historycznej. <br>Atrakcj\u0105 tegorocznego fina\u0142u by\u0142 wyst\u0119p zespo\u0142u Kwiat Jab\u0142oni w Ergo Arenie w Gda\u0144sku.<br><font color=\"blue\">A.K.<\/font><\/p>\n\n\n\n<figure class=\"wp-block-image size-full\"><img decoding=\"async\" width=\"977\" height=\"786\" src=\"https:\/\/lo2nowogard.edu.pl\/wp-content\/uploads\/2025\/04\/g-15.jpg\" alt=\"\" class=\"wp-image-4690\" srcset=\"https:\/\/lo2nowogard.edu.pl\/wp-content\/uploads\/2025\/04\/g-15.jpg 977w, https:\/\/lo2nowogard.edu.pl\/wp-content\/uploads\/2025\/04\/g-15-300x241.jpg 300w, https:\/\/lo2nowogard.edu.pl\/wp-content\/uploads\/2025\/04\/g-15-768x618.jpg 768w\" sizes=\"(max-width: 977px) 100vw, 977px\" \/><\/figure>\n","protected":false},"excerpt":{"rendered":"<p>W kwietniu 2025r. w Gda\u0144sku odby\u0142 si\u0119 fina\u0142 X edycji og\u00f3lnopolskiego konkursu historycznego \u201eOlimpiada Solidarno\u015bci.Dwie dekady historii\u201d organizowanego przez Fundacj\u0119 Centrum Solidarno\u015bci pod patronatem MEN. W Gda\u0144sku rywalizowali przedstawiciele wszystkich wojew\u00f3dztw wy\u0142onieni w etapach okr\u0119gowych. Mi\u0142osz Wielgus ucze\u0144 klasy IV&#8230;<\/p>\n","protected":false},"author":2,"featured_media":4687,"comment_status":"closed","ping_status":"","sticky":false,"template":"","format":"standard","meta":{"footnotes":""},"categories":[1],"tags":[],"class_list":["post-4684","post","type-post","status-publish","format-standard","has-post-thumbnail","hentry","category-bez-kategorii"],"acf":[],"_links":{"self":[{"href":"https:\/\/lo2nowogard.edu.pl\/index.php\/wp-json\/wp\/v2\/posts\/4684","targetHints":{"allow":["GET"]}}],"collection":[{"href":"https:\/\/lo2nowogard.edu.pl\/index.php\/wp-json\/wp\/v2\/posts"}],"about":[{"href":"https:\/\/lo2nowogard.edu.pl\/index.php\/wp-json\/wp\/v2\/types\/post"}],"author":[{"embeddable":true,"href":"https:\/\/lo2nowogard.edu.pl\/index.php\/wp-json\/wp\/v2\/users\/2"}],"replies":[{"embeddable":true,"href":"https:\/\/lo2nowogard.edu.pl\/index.php\/wp-json\/wp\/v2\/comments?post=4684"}],"version-history":[{"count":4,"href":"https:\/\/lo2nowogard.edu.pl\/index.php\/wp-json\/wp\/v2\/posts\/4684\/revisions"}],"predecessor-version":[{"id":4691,"href":"https:\/\/lo2nowogard.edu.pl\/index.php\/wp-json\/wp\/v2\/posts\/4684\/revisions\/4691"}],"wp:featuredmedia":[{"embeddable":true,"href":"https:\/\/lo2nowogard.edu.pl\/index.php\/wp-json\/wp\/v2\/media\/4687"}],"wp:attachment":[{"href":"https:\/\/lo2nowogard.edu.pl\/index.php\/wp-json\/wp\/v2\/media?parent=4684"}],"wp:term":[{"taxonomy":"category","embeddable":true,"href":"https:\/\/lo2nowogard.edu.pl\/index.php\/wp-json\/wp\/v2\/categories?post=4684"},{"taxonomy":"post_tag","embeddable":true,"href":"https:\/\/lo2nowogard.edu.pl\/index.php\/wp-json\/wp\/v2\/tags?post=4684"}],"curies":[{"name":"wp","href":"https:\/\/api.w.org\/{rel}","templated":true}]}}