{"id":2623,"date":"2024-02-07T13:22:07","date_gmt":"2024-02-07T12:22:07","guid":{"rendered":"https:\/\/lo2nowogard.edu.pl\/?p=2623"},"modified":"2024-02-07T13:22:07","modified_gmt":"2024-02-07T12:22:07","slug":"zajecia-profilaktyczne","status":"publish","type":"post","link":"https:\/\/lo2nowogard.edu.pl\/index.php\/2024\/02\/07\/zajecia-profilaktyczne\/","title":{"rendered":"Zaj\u0119cia profilaktyczne"},"content":{"rendered":"\n<p>W dniach 6 i 7 lutego uczni\u00f3w klas pierwszych i drugich naszego liceum odwiedzi\u0142a st.sier\u017c &nbsp;Anna Margas z komisariatu Policji w Nowogardzie. G\u0142\u00f3wnym tematem spotka\u0144 z m\u0142odzie\u017c\u0105 by\u0142a odpowiedzialno\u015b\u0107 karna i prawna oraz zwi\u0105zane z ni\u0105 cyberbezpiecze\u0144stwo. Uczniowie dowiedzieli si\u0119 czym jest czyn karalny i przest\u0119pstwo jako forma wykrocze\u0144. Mogli dowiedzie\u0107 si\u0119 r\u00f3wnie\u017c czym jest demoralizacja nieletnich, jak si\u0119 przejawia oraz jakie \u015brodki zaradcze mog\u0105 by\u0107 stosowane przez szko\u0142\u0119 i s\u0105d w takich przypadkach. Jako powt\u00f3rka wiadomo\u015bci odby\u0142a si\u0119 rozmowa na temat przemocy i cyberprzemocy oraz konsekwencji prawnych i emocjonalnych z ni\u0105 zwi\u0105zanych. Tego typu zaj\u0119cia profilaktyczne s\u0105 na sta\u0142e wpisane w program wychowawczo \u2013 profilaktyczny naszej szko\u0142y, a pozytywny odbi\u00f3r uczni\u00f3w pokazuje jak wa\u017cne znaczenie maj\u0105 dla m\u0142odzie\u017cy.<br><font color=\"blue\"> K.W.<\/font><\/p>\n\n\n\n<figure class=\"wp-block-image size-large\"><img fetchpriority=\"high\" decoding=\"async\" width=\"1024\" height=\"599\" src=\"https:\/\/lo2nowogard.edu.pl\/wp-content\/uploads\/2024\/02\/2-1-1024x599.jpg\" alt=\"\" class=\"wp-image-2624\" srcset=\"https:\/\/lo2nowogard.edu.pl\/wp-content\/uploads\/2024\/02\/2-1-1024x599.jpg 1024w, https:\/\/lo2nowogard.edu.pl\/wp-content\/uploads\/2024\/02\/2-1-300x175.jpg 300w, https:\/\/lo2nowogard.edu.pl\/wp-content\/uploads\/2024\/02\/2-1-768x449.jpg 768w, https:\/\/lo2nowogard.edu.pl\/wp-content\/uploads\/2024\/02\/2-1-1536x898.jpg 1536w, https:\/\/lo2nowogard.edu.pl\/wp-content\/uploads\/2024\/02\/2-1.jpg 1916w\" sizes=\"(max-width: 1024px) 100vw, 1024px\" \/><\/figure>\n","protected":false},"excerpt":{"rendered":"<p>W dniach 6 i 7 lutego uczni\u00f3w klas pierwszych i drugich naszego liceum odwiedzi\u0142a st.sier\u017c &nbsp;Anna Margas z komisariatu Policji w Nowogardzie. G\u0142\u00f3wnym tematem spotka\u0144 z m\u0142odzie\u017c\u0105 by\u0142a odpowiedzialno\u015b\u0107 karna i prawna oraz zwi\u0105zane z ni\u0105 cyberbezpiecze\u0144stwo. Uczniowie dowiedzieli si\u0119&#8230;<\/p>\n","protected":false},"author":2,"featured_media":2625,"comment_status":"closed","ping_status":"","sticky":false,"template":"","format":"standard","meta":{"footnotes":""},"categories":[1],"tags":[],"class_list":["post-2623","post","type-post","status-publish","format-standard","has-post-thumbnail","hentry","category-bez-kategorii"],"acf":[],"_links":{"self":[{"href":"https:\/\/lo2nowogard.edu.pl\/index.php\/wp-json\/wp\/v2\/posts\/2623","targetHints":{"allow":["GET"]}}],"collection":[{"href":"https:\/\/lo2nowogard.edu.pl\/index.php\/wp-json\/wp\/v2\/posts"}],"about":[{"href":"https:\/\/lo2nowogard.edu.pl\/index.php\/wp-json\/wp\/v2\/types\/post"}],"author":[{"embeddable":true,"href":"https:\/\/lo2nowogard.edu.pl\/index.php\/wp-json\/wp\/v2\/users\/2"}],"replies":[{"embeddable":true,"href":"https:\/\/lo2nowogard.edu.pl\/index.php\/wp-json\/wp\/v2\/comments?post=2623"}],"version-history":[{"count":1,"href":"https:\/\/lo2nowogard.edu.pl\/index.php\/wp-json\/wp\/v2\/posts\/2623\/revisions"}],"predecessor-version":[{"id":2626,"href":"https:\/\/lo2nowogard.edu.pl\/index.php\/wp-json\/wp\/v2\/posts\/2623\/revisions\/2626"}],"wp:featuredmedia":[{"embeddable":true,"href":"https:\/\/lo2nowogard.edu.pl\/index.php\/wp-json\/wp\/v2\/media\/2625"}],"wp:attachment":[{"href":"https:\/\/lo2nowogard.edu.pl\/index.php\/wp-json\/wp\/v2\/media?parent=2623"}],"wp:term":[{"taxonomy":"category","embeddable":true,"href":"https:\/\/lo2nowogard.edu.pl\/index.php\/wp-json\/wp\/v2\/categories?post=2623"},{"taxonomy":"post_tag","embeddable":true,"href":"https:\/\/lo2nowogard.edu.pl\/index.php\/wp-json\/wp\/v2\/tags?post=2623"}],"curies":[{"name":"wp","href":"https:\/\/api.w.org\/{rel}","templated":true}]}}